{"id":560,"date":"2023-10-02T10:51:32","date_gmt":"2023-10-02T10:51:32","guid":{"rendered":"https:\/\/www.pomahametetrivkovi.cz\/?p=560"},"modified":"2023-10-16T08:39:00","modified_gmt":"2023-10-16T08:39:00","slug":"osveta","status":"publish","type":"post","link":"https:\/\/www.pomahametetrivkovi.cz\/index.php\/2023\/10\/02\/osveta\/","title":{"rendered":"Osv\u011bta"},"content":{"rendered":"\n<figure class=\"wp-block-image size-large\"><img loading=\"lazy\" width=\"1024\" height=\"768\" src=\"https:\/\/www.pomahametetrivkovi.cz\/wp-content\/uploads\/2023\/10\/20231002_115642-1-1024x768.jpg\" alt=\"\" class=\"wp-image-562\" srcset=\"https:\/\/www.pomahametetrivkovi.cz\/wp-content\/uploads\/2023\/10\/20231002_115642-1-1024x768.jpg 1024w, https:\/\/www.pomahametetrivkovi.cz\/wp-content\/uploads\/2023\/10\/20231002_115642-1-300x225.jpg 300w, https:\/\/www.pomahametetrivkovi.cz\/wp-content\/uploads\/2023\/10\/20231002_115642-1-768x576.jpg 768w, https:\/\/www.pomahametetrivkovi.cz\/wp-content\/uploads\/2023\/10\/20231002_115642-1-1536x1152.jpg 1536w, https:\/\/www.pomahametetrivkovi.cz\/wp-content\/uploads\/2023\/10\/20231002_115642-1-2048x1536.jpg 2048w, https:\/\/www.pomahametetrivkovi.cz\/wp-content\/uploads\/2023\/10\/20231002_115642-1-1568x1176.jpg 1568w\" sizes=\"(max-width: 1024px) 100vw, 1024px\" \/><\/figure>\n\n\n\n<p>Sou\u010d\u00e1st\u00ed na\u0161eho projektu je tak\u00e9 propagace jeho t\u00e9matu. K tomu n\u00e1m slou\u017e\u00ed materi\u00e1ly, kter\u00e9 m\u016f\u017eeme pou\u017e\u00edt na ve\u0159ejn\u00fdch akc\u00edch. Letos k nim p\u0159ibylo nap\u0159. pexeso, jeho\u017e tvorbu jsme si velmi u\u017eili. Prezentaci na\u0161eho \u00datvaru myslivosti a tet\u0159\u00edv\u010d\u00edho projektu m\u016f\u017eete nav\u0161t\u00edvit na ud\u00e1lostech spojen\u00fdch s lesnickou a mysliveckou t\u00e9matikou. <\/p>\n\n\n\n<figure class=\"wp-block-image size-large\"><img loading=\"lazy\" width=\"1024\" height=\"665\" src=\"https:\/\/www.pomahametetrivkovi.cz\/wp-content\/uploads\/2023\/10\/IMG-20230913-WA0004-1024x665.jpg\" alt=\"\" class=\"wp-image-563\" srcset=\"https:\/\/www.pomahametetrivkovi.cz\/wp-content\/uploads\/2023\/10\/IMG-20230913-WA0004-1024x665.jpg 1024w, https:\/\/www.pomahametetrivkovi.cz\/wp-content\/uploads\/2023\/10\/IMG-20230913-WA0004-300x195.jpg 300w, https:\/\/www.pomahametetrivkovi.cz\/wp-content\/uploads\/2023\/10\/IMG-20230913-WA0004-768x499.jpg 768w, https:\/\/www.pomahametetrivkovi.cz\/wp-content\/uploads\/2023\/10\/IMG-20230913-WA0004-1536x998.jpg 1536w, https:\/\/www.pomahametetrivkovi.cz\/wp-content\/uploads\/2023\/10\/IMG-20230913-WA0004-1568x1019.jpg 1568w, https:\/\/www.pomahametetrivkovi.cz\/wp-content\/uploads\/2023\/10\/IMG-20230913-WA0004.jpg 1579w\" sizes=\"(max-width: 1024px) 100vw, 1024px\" \/><\/figure>\n\n\n\n<p>O tet\u0159\u00edvkovi mluv\u00edme tak\u00e9 na mezin\u00e1rdn\u00ed \u00farovni. P\u0159i p\u0159\u00edle\u017eitosti 15. sympozia v\u011bnovan\u00e9mu tet\u0159evovit\u00fdm jsme nav\u0161t\u00edvili Polsko, kde jsme m\u011bli mo\u017enost diskutovat o situaci ohro\u017een\u00e9ho \u010dern\u00e9ho ryt\u00ed\u0159e a p\u0159\u00edstupu k ochran\u011b tet\u0159evovit\u00fdch s mnoha uzn\u00e1van\u00fdmi v\u011bdci. Nap\u0159. z Belgie poch\u00e1zel p\u0159\u00edsp\u011bvek, kter\u00fd uva\u017eoval, zda vakcinace li\u0161ek obecn\u00fdch ovlivnila jednu ze subpopulac\u00ed tet\u0159\u00edvka obecn\u00e9ho. Predace je jed\u00edm z hlavn\u00edch faktor\u016f, kter\u00e9 ohro\u017euj\u00ed tento druh. <\/p>\n\n\n\n<p>Diskuze na t\u00e9ma tet\u0159\u00edvka obecn\u00e9ho, v\u00fdvoj jeho populace u n\u00e1s i ve sv\u011bt\u011b a p\u0159\u00edle\u017eitostech ke zlep\u0161en\u00ed jeho \u017eivotn\u00edch podm\u00ednek je d\u016fle\u017eit\u00e1 pro jeho zachov\u00e1n\u00ed. Pozn\u00e1v\u00e1n\u00ed faktor\u016f, kter\u00e9 jej ohro\u017euj\u00ed, pr\u00e1ce na jejich eliminaci a naopak podpora potravn\u00ed nab\u00eddky a \u00faprava biotop\u016f pat\u0159\u00ed mezi z\u00e1kladn\u00ed aktivity. Velkou pomoc\u00ed pro ochranu tet\u0159\u00edvka by byl pl\u00e1n p\u00e9\u010de vytvo\u0159en\u00fd na\u0161\u00ed vl\u00e1dou. Proto je pot\u0159eba \u0161\u00ed\u0159it informace jak mezi laickou, tak odbornou ve\u0159ejnost\u00ed. <\/p>\n","protected":false},"excerpt":{"rendered":"<p>Sou\u010d\u00e1st\u00ed na\u0161eho projektu je tak\u00e9 propagace jeho t\u00e9matu. K tomu n\u00e1m slou\u017e\u00ed materi\u00e1ly, kter\u00e9 m\u016f\u017eeme pou\u017e\u00edt na ve\u0159ejn\u00fdch akc\u00edch. Letos k nim p\u0159ibylo nap\u0159. pexeso, jeho\u017e tvorbu jsme si velmi u\u017eili. Prezentaci na\u0161eho \u00datvaru myslivosti a tet\u0159\u00edv\u010d\u00edho projektu m\u016f\u017eete nav\u0161t\u00edvit na ud\u00e1lostech spojen\u00fdch s lesnickou a mysliveckou t\u00e9matikou. O tet\u0159\u00edvkovi mluv\u00edme tak\u00e9 na mezin\u00e1rdn\u00ed \u00farovni.<a class=\"more-link\" href=\"https:\/\/www.pomahametetrivkovi.cz\/index.php\/2023\/10\/02\/osveta\/\">Pokra\u010dovat ve \u010dten\u00ed <span class=\"screen-reader-text\">&#8222;Osv\u011bta&#8220;<\/span><\/a><\/p>\n","protected":false},"author":3,"featured_media":0,"comment_status":"open","ping_status":"open","sticky":true,"template":"","format":"standard","meta":{"ngg_post_thumbnail":0},"categories":[7],"tags":[],"_links":{"self":[{"href":"https:\/\/www.pomahametetrivkovi.cz\/index.php\/wp-json\/wp\/v2\/posts\/560"}],"collection":[{"href":"https:\/\/www.pomahametetrivkovi.cz\/index.php\/wp-json\/wp\/v2\/posts"}],"about":[{"href":"https:\/\/www.pomahametetrivkovi.cz\/index.php\/wp-json\/wp\/v2\/types\/post"}],"author":[{"embeddable":true,"href":"https:\/\/www.pomahametetrivkovi.cz\/index.php\/wp-json\/wp\/v2\/users\/3"}],"replies":[{"embeddable":true,"href":"https:\/\/www.pomahametetrivkovi.cz\/index.php\/wp-json\/wp\/v2\/comments?post=560"}],"version-history":[{"count":1,"href":"https:\/\/www.pomahametetrivkovi.cz\/index.php\/wp-json\/wp\/v2\/posts\/560\/revisions"}],"predecessor-version":[{"id":564,"href":"https:\/\/www.pomahametetrivkovi.cz\/index.php\/wp-json\/wp\/v2\/posts\/560\/revisions\/564"}],"wp:attachment":[{"href":"https:\/\/www.pomahametetrivkovi.cz\/index.php\/wp-json\/wp\/v2\/media?parent=560"}],"wp:term":[{"taxonomy":"category","embeddable":true,"href":"https:\/\/www.pomahametetrivkovi.cz\/index.php\/wp-json\/wp\/v2\/categories?post=560"},{"taxonomy":"post_tag","embeddable":true,"href":"https:\/\/www.pomahametetrivkovi.cz\/index.php\/wp-json\/wp\/v2\/tags?post=560"}],"curies":[{"name":"wp","href":"https:\/\/api.w.org\/{rel}","templated":true}]}}