{"id":451,"date":"2022-10-31T09:07:57","date_gmt":"2022-10-31T09:07:57","guid":{"rendered":"https:\/\/www.pomahametetrivkovi.cz\/?p=451"},"modified":"2022-10-31T09:07:57","modified_gmt":"2022-10-31T09:07:57","slug":"podzim-na-doupove","status":"publish","type":"post","link":"https:\/\/www.pomahametetrivkovi.cz\/index.php\/2022\/10\/31\/podzim-na-doupove\/","title":{"rendered":"Podzim na Doupov\u011b"},"content":{"rendered":"\n<div class=\"wp-block-media-text alignwide is-stacked-on-mobile\"><figure class=\"wp-block-media-text__media\"><img loading=\"lazy\" width=\"1024\" height=\"683\" src=\"https:\/\/www.pomahametetrivkovi.cz\/wp-content\/uploads\/2022\/10\/DSC02468-1024x683.jpg\" alt=\"\" class=\"wp-image-454 size-full\" srcset=\"https:\/\/www.pomahametetrivkovi.cz\/wp-content\/uploads\/2022\/10\/DSC02468-1024x683.jpg 1024w, https:\/\/www.pomahametetrivkovi.cz\/wp-content\/uploads\/2022\/10\/DSC02468-300x200.jpg 300w, https:\/\/www.pomahametetrivkovi.cz\/wp-content\/uploads\/2022\/10\/DSC02468-768x512.jpg 768w, https:\/\/www.pomahametetrivkovi.cz\/wp-content\/uploads\/2022\/10\/DSC02468-1536x1024.jpg 1536w, https:\/\/www.pomahametetrivkovi.cz\/wp-content\/uploads\/2022\/10\/DSC02468-2048x1365.jpg 2048w, https:\/\/www.pomahametetrivkovi.cz\/wp-content\/uploads\/2022\/10\/DSC02468-1568x1045.jpg 1568w\" sizes=\"(max-width: 1024px) 100vw, 1024px\" \/><\/figure><div class=\"wp-block-media-text__content\">\n<p class=\"has-large-font-size\">Podzim barv\u00ed stromy do mal\u00ed\u0159sk\u00e9 palety a na Doupov\u011b tomu nen\u00ed jinak. Lokality, na kter\u00fdch v r\u00e1mci projektu prov\u00e1d\u00edme \u00fapravy, abychom vylep\u0161ili \u017eivotn\u00ed prost\u0159ed\u00ed tet\u0159\u00edvka obecn\u00e9ho, letos v\u00edtaj\u00ed podzimn\u00ed sez\u00f3nu v nov\u00e9 podob\u011b.  <\/p>\n<\/div><\/div>\n\n\n\n<div class=\"wp-block-media-text alignwide has-media-on-the-right is-stacked-on-mobile\"><figure class=\"wp-block-media-text__media\"><img loading=\"lazy\" width=\"1024\" height=\"683\" src=\"https:\/\/www.pomahametetrivkovi.cz\/wp-content\/uploads\/2022\/10\/DSC02380-2-1024x683.jpg\" alt=\"\" class=\"wp-image-455 size-full\" srcset=\"https:\/\/www.pomahametetrivkovi.cz\/wp-content\/uploads\/2022\/10\/DSC02380-2-1024x683.jpg 1024w, https:\/\/www.pomahametetrivkovi.cz\/wp-content\/uploads\/2022\/10\/DSC02380-2-300x200.jpg 300w, https:\/\/www.pomahametetrivkovi.cz\/wp-content\/uploads\/2022\/10\/DSC02380-2-768x512.jpg 768w, https:\/\/www.pomahametetrivkovi.cz\/wp-content\/uploads\/2022\/10\/DSC02380-2-1536x1024.jpg 1536w, https:\/\/www.pomahametetrivkovi.cz\/wp-content\/uploads\/2022\/10\/DSC02380-2-2048x1365.jpg 2048w, https:\/\/www.pomahametetrivkovi.cz\/wp-content\/uploads\/2022\/10\/DSC02380-2-1568x1045.jpg 1568w\" sizes=\"(max-width: 1024px) 100vw, 1024px\" \/><\/figure><div class=\"wp-block-media-text__content\">\n<p class=\"has-large-font-size\">Hloh obecn\u00fd je jedn\u00edm z k\u011b\u0159\u016f, kter\u00e9 pokr\u00fdvaj\u00ed zna\u010dnou plochu Doupovsk\u00fdch hor. S dal\u0161\u00edmi d\u0159evinami zde vytv\u00e1\u0159\u00ed t\u00e9m\u011b\u0159 neprostupn\u00e9 hou\u0161tiny, ve kter\u00fdch zejm\u00e9na divo\u010d\u00e1ci hledaj\u00ed \u00fakryt a ob\u017eivu. <\/p>\n<\/div><\/div>\n\n\n\n<div class=\"wp-block-media-text alignwide is-stacked-on-mobile\"><figure class=\"wp-block-media-text__media\"><img loading=\"lazy\" width=\"1024\" height=\"562\" src=\"https:\/\/www.pomahametetrivkovi.cz\/wp-content\/uploads\/2022\/10\/Prase_Doupov6-1-1024x562.png\" alt=\"\" class=\"wp-image-457 size-full\" srcset=\"https:\/\/www.pomahametetrivkovi.cz\/wp-content\/uploads\/2022\/10\/Prase_Doupov6-1-1024x562.png 1024w, https:\/\/www.pomahametetrivkovi.cz\/wp-content\/uploads\/2022\/10\/Prase_Doupov6-1-300x165.png 300w, https:\/\/www.pomahametetrivkovi.cz\/wp-content\/uploads\/2022\/10\/Prase_Doupov6-1-768x422.png 768w, https:\/\/www.pomahametetrivkovi.cz\/wp-content\/uploads\/2022\/10\/Prase_Doupov6-1-1536x843.png 1536w, https:\/\/www.pomahametetrivkovi.cz\/wp-content\/uploads\/2022\/10\/Prase_Doupov6-1-1568x861.png 1568w, https:\/\/www.pomahametetrivkovi.cz\/wp-content\/uploads\/2022\/10\/Prase_Doupov6-1.png 1599w\" sizes=\"(max-width: 1024px) 100vw, 1024px\" \/><\/figure><div class=\"wp-block-media-text__content\">\n<p class=\"has-large-font-size\">A pr\u00e1v\u011b prase divok\u00e9 p\u0159edstavuje velk\u00e9 riziko pro tet\u0159\u00edvka obecn\u00e9ho a jeho p\u0159e\u017eit\u00ed. Divo\u010d\u00e1ci mhoou b\u011bhem pastvy narazit na hn\u00edzdo, kter\u00e9 tet\u0159\u00edvci chystaj\u00ed na zemi. N\u00e1sledn\u011b dojde k predaci vaj\u00ed\u010dek, \u010d\u00edm\u017e je ohro\u017eena tet\u0159\u00edvkova raprodukce.<\/p>\n<\/div><\/div>\n\n\n\n<div class=\"wp-block-media-text alignwide has-media-on-the-right is-stacked-on-mobile\"><figure class=\"wp-block-media-text__media\"><img loading=\"lazy\" width=\"1024\" height=\"768\" src=\"https:\/\/www.pomahametetrivkovi.cz\/wp-content\/uploads\/2022\/10\/20221009_114331-1024x768.jpg\" alt=\"\" class=\"wp-image-458 size-full\" srcset=\"https:\/\/www.pomahametetrivkovi.cz\/wp-content\/uploads\/2022\/10\/20221009_114331-1024x768.jpg 1024w, https:\/\/www.pomahametetrivkovi.cz\/wp-content\/uploads\/2022\/10\/20221009_114331-300x225.jpg 300w, https:\/\/www.pomahametetrivkovi.cz\/wp-content\/uploads\/2022\/10\/20221009_114331-768x576.jpg 768w, https:\/\/www.pomahametetrivkovi.cz\/wp-content\/uploads\/2022\/10\/20221009_114331-1536x1152.jpg 1536w, https:\/\/www.pomahametetrivkovi.cz\/wp-content\/uploads\/2022\/10\/20221009_114331-2048x1536.jpg 2048w, https:\/\/www.pomahametetrivkovi.cz\/wp-content\/uploads\/2022\/10\/20221009_114331-1568x1176.jpg 1568w\" sizes=\"(max-width: 1024px) 100vw, 1024px\" \/><\/figure><div class=\"wp-block-media-text__content\">\n<p class=\"has-large-font-size\">K\u00e1cen\u00ed a fr\u00e9zov\u00e1n\u00ed sukcesn\u00ed vegetace m\u00e1 za c\u00edl vytvo\u0159it otev\u0159enou krajinu a omezit tak \u00fakrytov\u00e9 mo\u017enosti pro divo\u010d\u00e1ky, ale i dal\u0161\u00ed pred\u00e1tory. Tet\u0159\u00edvek pak m\u00e1 lep\u0161\u00ed p\u0159ehled, co se kde d\u011bje a nen\u00ed vyru\u0161ov\u00e1n.<\/p>\n<\/div><\/div>\n","protected":false},"excerpt":{"rendered":"<p>Podzim barv\u00ed stromy do mal\u00ed\u0159sk\u00e9 palety a na Doupov\u011b tomu nen\u00ed jinak. Lokality, na kter\u00fdch v r\u00e1mci projektu prov\u00e1d\u00edme \u00fapravy, abychom vylep\u0161ili \u017eivotn\u00ed prost\u0159ed\u00ed tet\u0159\u00edvka obecn\u00e9ho, letos v\u00edtaj\u00ed podzimn\u00ed sez\u00f3nu v nov\u00e9 podob\u011b. Hloh obecn\u00fd je jedn\u00edm z k\u011b\u0159\u016f, kter\u00e9 pokr\u00fdvaj\u00ed zna\u010dnou plochu Doupovsk\u00fdch hor. S dal\u0161\u00edmi d\u0159evinami zde vytv\u00e1\u0159\u00ed t\u00e9m\u011b\u0159 neprostupn\u00e9 hou\u0161tiny, ve kter\u00fdch<a class=\"more-link\" href=\"https:\/\/www.pomahametetrivkovi.cz\/index.php\/2022\/10\/31\/podzim-na-doupove\/\">Pokra\u010dovat ve \u010dten\u00ed <span class=\"screen-reader-text\">&#8222;Podzim na Doupov\u011b&#8220;<\/span><\/a><\/p>\n","protected":false},"author":1,"featured_media":0,"comment_status":"open","ping_status":"open","sticky":false,"template":"","format":"standard","meta":{"ngg_post_thumbnail":0},"categories":[1],"tags":[],"_links":{"self":[{"href":"https:\/\/www.pomahametetrivkovi.cz\/index.php\/wp-json\/wp\/v2\/posts\/451"}],"collection":[{"href":"https:\/\/www.pomahametetrivkovi.cz\/index.php\/wp-json\/wp\/v2\/posts"}],"about":[{"href":"https:\/\/www.pomahametetrivkovi.cz\/index.php\/wp-json\/wp\/v2\/types\/post"}],"author":[{"embeddable":true,"href":"https:\/\/www.pomahametetrivkovi.cz\/index.php\/wp-json\/wp\/v2\/users\/1"}],"replies":[{"embeddable":true,"href":"https:\/\/www.pomahametetrivkovi.cz\/index.php\/wp-json\/wp\/v2\/comments?post=451"}],"version-history":[{"count":1,"href":"https:\/\/www.pomahametetrivkovi.cz\/index.php\/wp-json\/wp\/v2\/posts\/451\/revisions"}],"predecessor-version":[{"id":459,"href":"https:\/\/www.pomahametetrivkovi.cz\/index.php\/wp-json\/wp\/v2\/posts\/451\/revisions\/459"}],"wp:attachment":[{"href":"https:\/\/www.pomahametetrivkovi.cz\/index.php\/wp-json\/wp\/v2\/media?parent=451"}],"wp:term":[{"taxonomy":"category","embeddable":true,"href":"https:\/\/www.pomahametetrivkovi.cz\/index.php\/wp-json\/wp\/v2\/categories?post=451"},{"taxonomy":"post_tag","embeddable":true,"href":"https:\/\/www.pomahametetrivkovi.cz\/index.php\/wp-json\/wp\/v2\/tags?post=451"}],"curies":[{"name":"wp","href":"https:\/\/api.w.org\/{rel}","templated":true}]}}