{"id":391,"date":"2021-11-01T07:06:27","date_gmt":"2021-11-01T07:06:27","guid":{"rendered":"https:\/\/www.pomahametetrivkovi.cz\/?p=391"},"modified":"2021-11-01T07:07:24","modified_gmt":"2021-11-01T07:07:24","slug":"den-s-myslivci-v-hradci-kralove","status":"publish","type":"post","link":"https:\/\/www.pomahametetrivkovi.cz\/index.php\/2021\/11\/01\/den-s-myslivci-v-hradci-kralove\/","title":{"rendered":"Den s myslivci v Hradci Kr\u00e1lov\u00e9"},"content":{"rendered":"<p align=\"justify\">Podzimn\u00ed sobota 16. 10. 2021 o\u017eila v prostor\u00e1ch Kempu St\u0159\u00edbrn\u00fd rybn\u00edk Dnem s&nbsp;myslivci, kter\u00e9ho se za \u00fatvar Myslivosti z V\u00fdzkumn\u00e9ho \u00fastavu lesn\u00edho hospod\u00e1\u0159stv\u00ed a myslivosti \u00fa\u010dastnili na\u0161i kolegov\u00e9 Jan Cukor a Lucie Hamb\u00e1lkov\u00e1. Prezentovali zde projekt \u201eManagement biotop\u016f s v\u00fdskytem tet\u0159\u00edvka obecn\u00e9ho voblasti Doupovsk\u00e9 hory\u201c. Stovk\u00e1m n\u00e1v\u0161t\u011bvn\u00edk\u016f pod\u00e1vali informace o&nbsp;monitoringu tet\u0159\u00edvka obecn\u00e9ho, jeho popula\u010dn\u00ed dynamice a problematice popula\u010dn\u00edho poklesu. Nejen mal\u00e9 d\u011bti za vypln\u011bnou tajenku jako odm\u011bnu dost\u00e1vali na\u0161e nov\u00e9 placky a&nbsp;dal\u0161\u00ed propaga\u010dn\u00ed materi\u00e1ly s tet\u0159\u00edvkem v hlavn\u00ed roli.<\/p>\n\n\n<figure class=\"wp-block-image size-large\"><img loading=\"lazy\" width=\"1024\" height=\"683\" src=\"https:\/\/www.pomahametetrivkovi.cz\/wp-content\/uploads\/2021\/11\/DSC01157-1024x683.jpg\" alt=\"\" class=\"wp-image-394\" srcset=\"https:\/\/www.pomahametetrivkovi.cz\/wp-content\/uploads\/2021\/11\/DSC01157-1024x683.jpg 1024w, https:\/\/www.pomahametetrivkovi.cz\/wp-content\/uploads\/2021\/11\/DSC01157-300x200.jpg 300w, https:\/\/www.pomahametetrivkovi.cz\/wp-content\/uploads\/2021\/11\/DSC01157-768x512.jpg 768w, https:\/\/www.pomahametetrivkovi.cz\/wp-content\/uploads\/2021\/11\/DSC01157-1536x1024.jpg 1536w, https:\/\/www.pomahametetrivkovi.cz\/wp-content\/uploads\/2021\/11\/DSC01157-2048x1365.jpg 2048w, https:\/\/www.pomahametetrivkovi.cz\/wp-content\/uploads\/2021\/11\/DSC01157-1568x1045.jpg 1568w\" sizes=\"(max-width: 1024px) 100vw, 1024px\" \/><\/figure>\n\n\n\n<figure class=\"wp-block-image size-large\"><img loading=\"lazy\" width=\"1024\" height=\"683\" src=\"https:\/\/www.pomahametetrivkovi.cz\/wp-content\/uploads\/2021\/11\/DSC01170-1024x683.jpg\" alt=\"\" class=\"wp-image-395\" srcset=\"https:\/\/www.pomahametetrivkovi.cz\/wp-content\/uploads\/2021\/11\/DSC01170-1024x683.jpg 1024w, https:\/\/www.pomahametetrivkovi.cz\/wp-content\/uploads\/2021\/11\/DSC01170-300x200.jpg 300w, https:\/\/www.pomahametetrivkovi.cz\/wp-content\/uploads\/2021\/11\/DSC01170-768x512.jpg 768w, https:\/\/www.pomahametetrivkovi.cz\/wp-content\/uploads\/2021\/11\/DSC01170-1536x1024.jpg 1536w, https:\/\/www.pomahametetrivkovi.cz\/wp-content\/uploads\/2021\/11\/DSC01170-2048x1365.jpg 2048w, https:\/\/www.pomahametetrivkovi.cz\/wp-content\/uploads\/2021\/11\/DSC01170-1568x1045.jpg 1568w\" sizes=\"(max-width: 1024px) 100vw, 1024px\" \/><\/figure>\n","protected":false},"excerpt":{"rendered":"<p>Podzimn\u00ed sobota 16. 10. 2021 o\u017eila v prostor\u00e1ch Kempu St\u0159\u00edbrn\u00fd rybn\u00edk Dnem s&nbsp;myslivci, kter\u00e9ho se za \u00fatvar Myslivosti z V\u00fdzkumn\u00e9ho \u00fastavu lesn\u00edho hospod\u00e1\u0159stv\u00ed a myslivosti \u00fa\u010dastnili na\u0161i kolegov\u00e9 Jan Cukor a Lucie Hamb\u00e1lkov\u00e1. Prezentovali zde projekt \u201eManagement biotop\u016f s v\u00fdskytem tet\u0159\u00edvka obecn\u00e9ho voblasti Doupovsk\u00e9 hory\u201c. Stovk\u00e1m n\u00e1v\u0161t\u011bvn\u00edk\u016f pod\u00e1vali informace o&nbsp;monitoringu tet\u0159\u00edvka obecn\u00e9ho, jeho popula\u010dn\u00ed dynamice<a class=\"more-link\" href=\"https:\/\/www.pomahametetrivkovi.cz\/index.php\/2021\/11\/01\/den-s-myslivci-v-hradci-kralove\/\">Pokra\u010dovat ve \u010dten\u00ed <span class=\"screen-reader-text\">&#8222;Den s myslivci v Hradci Kr\u00e1lov\u00e9&#8220;<\/span><\/a><\/p>\n","protected":false},"author":2,"featured_media":0,"comment_status":"closed","ping_status":"closed","sticky":false,"template":"","format":"standard","meta":{"ngg_post_thumbnail":0},"categories":[7],"tags":[],"_links":{"self":[{"href":"https:\/\/www.pomahametetrivkovi.cz\/index.php\/wp-json\/wp\/v2\/posts\/391"}],"collection":[{"href":"https:\/\/www.pomahametetrivkovi.cz\/index.php\/wp-json\/wp\/v2\/posts"}],"about":[{"href":"https:\/\/www.pomahametetrivkovi.cz\/index.php\/wp-json\/wp\/v2\/types\/post"}],"author":[{"embeddable":true,"href":"https:\/\/www.pomahametetrivkovi.cz\/index.php\/wp-json\/wp\/v2\/users\/2"}],"replies":[{"embeddable":true,"href":"https:\/\/www.pomahametetrivkovi.cz\/index.php\/wp-json\/wp\/v2\/comments?post=391"}],"version-history":[{"count":4,"href":"https:\/\/www.pomahametetrivkovi.cz\/index.php\/wp-json\/wp\/v2\/posts\/391\/revisions"}],"predecessor-version":[{"id":397,"href":"https:\/\/www.pomahametetrivkovi.cz\/index.php\/wp-json\/wp\/v2\/posts\/391\/revisions\/397"}],"wp:attachment":[{"href":"https:\/\/www.pomahametetrivkovi.cz\/index.php\/wp-json\/wp\/v2\/media?parent=391"}],"wp:term":[{"taxonomy":"category","embeddable":true,"href":"https:\/\/www.pomahametetrivkovi.cz\/index.php\/wp-json\/wp\/v2\/categories?post=391"},{"taxonomy":"post_tag","embeddable":true,"href":"https:\/\/www.pomahametetrivkovi.cz\/index.php\/wp-json\/wp\/v2\/tags?post=391"}],"curies":[{"name":"wp","href":"https:\/\/api.w.org\/{rel}","templated":true}]}}